{"id":175,"date":"2013-02-19T23:28:41","date_gmt":"2013-02-19T22:28:41","guid":{"rendered":"http:\/\/kiezblog-weissensee.de\/?p=175"},"modified":"2013-02-20T21:54:52","modified_gmt":"2013-02-20T20:54:52","slug":"schuler-ausstellung-gesichter-geschichten-geheimnisse-im-ehem-rathaus-weisensee","status":"publish","type":"post","link":"https:\/\/kiezblog-weissensee.de\/?p=175","title":{"rendered":"Er\u00f6ffnung der Sch\u00fcler-Ausstellung: &#8222;Gesichter, Geschichten, Geheimnisse&#8220; im ehem. Rathaus Wei\u00dfensee"},"content":{"rendered":"<p>Quelle: <a href=\"http:\/\/www.berlin.de\/ba-pankow\/presse\/archiv\/20130215.1400.381366.html\">BA Pankow<\/a><\/p>\n<p><a href=\"http:\/\/kiezblog-weissensee.de\/wp-content\/uploads\/DSC_0466_klein.jpg\"><img loading=\"lazy\" decoding=\"async\" class=\"size-medium wp-image-176 alignright\" alt=\"DSC_0466_klein\" src=\"http:\/\/kiezblog-weissensee.de\/wp-content\/uploads\/DSC_0466_klein-300x200.jpg\" width=\"300\" height=\"200\" srcset=\"https:\/\/kiezblog-weissensee.de\/wp-content\/uploads\/DSC_0466_klein-300x200.jpg 300w, https:\/\/kiezblog-weissensee.de\/wp-content\/uploads\/DSC_0466_klein-1024x685.jpg 1024w, https:\/\/kiezblog-weissensee.de\/wp-content\/uploads\/DSC_0466_klein-283x189.jpg 283w\" sizes=\"auto, (max-width: 300px) 100vw, 300px\" \/><\/a>Eine Ausstellung von Sch\u00fclerinnen und Sch\u00fclern der <a href=\"http:\/\/www.bilingualesgymnasium.de\/\">BIP-Grundschule Pankow<\/a> \u00fcber das Leben und Wirken von Wei\u00dfenseer B\u00fcrgerinnen und B\u00fcrgern ist vom <strong>18. Februar bis 15. M\u00e4rz 2013 im Foyer des ehem. Rathaus Wei\u00dfensee<\/strong>, 13088 Berlin, Berliner Allee 252-260 zu sehen. Die Sch\u00fclerinnen und Sch\u00fcler sp\u00fcrten im vergangenen Jahr den Lebenstr\u00e4umen und Lebensl\u00e4ufen von Verwandten und Nachbarn, bekannten und unbekannten, alten und neuen Wei\u00dfenseern nach und f\u00fchrten hierf\u00fcr eine Vielzahl von Interviews. Die Ergebnisse dieser Interviews, die ganz pers\u00f6nlichen Geschichten und Geheimnisse wurden in Bild und Ton festgehalten und mit Unterst\u00fctzung der aus Guatemala stammenden K\u00fcnstlerin Ixmucane Aguilar sowie Ulrike Majewski zu einer Ausstellung verarbeitet.<\/p>\n<p>Gef\u00f6rdert wurde das Projekt im Rahmen des <a href=\"http:\/\/www.weissensee-in-aktion.de\/\">Lokalen Aktionsplans Wei\u00dfensee<\/a> mit Mitteln aus dem Bundesprogramm \u201eTOLERANZ F\u00d6RDERN \u2013 KOMPETENZ ST\u00c4RKEN\u201c. Nach der erfolgreichen Pr\u00e4sentation in der Kinderbibliothek der Wolfdietrich-Schnurre-Bibliothek ist die Ausstellung nunmehr montags bis freitags von 8-18 Uhr in Wei\u00dfensee zu sehen, der Eintritt ist frei. N\u00e4here Informationen im Internet unter:<\/p>\n<p><a href=\"http:\/\/www.bilingualesgymnasium.de\">http:\/\/www.bilingualesgymnasium.de<\/a><\/p>\n<ul>\n<li>Bericht der Berliner Woche: <a href=\"http:\/\/www.berliner-woche.de\/nachrichten\/bezirk-pankow\/weissensee\/artikel\/7825-schueler-begaben-sich-auf-spurensuche\/\">Sch\u00fcler begaben sich auf Spurensuche<\/a><\/li>\n<\/ul>\n","protected":false},"excerpt":{"rendered":"<p>Eine Ausstellung von Sch\u00fclerinnen und Sch\u00fclern der BIP-Grundschule Pankow \u00fcber das Leben und Wirken von Wei\u00dfenseern ist <strong>vom 18. Februar bis 15. M\u00e4rz <\/strong>im Rathaus Wei\u00dfensee zu sehen.<\/p>\n<p class=\"more\"><a class=\"more\" href=\"https:\/\/kiezblog-weissensee.de\/?p=175\">weiterlesen&#8230;<\/a><\/p>\n","protected":false},"author":1,"featured_media":176,"comment_status":"closed","ping_status":"closed","sticky":false,"template":"","format":"standard","meta":{"footnotes":""},"categories":[4,20,17],"tags":[67,68,66,62],"class_list":["post-175","post","type-post","status-publish","format-standard","has-post-thumbnail","hentry","category-kiezgeschehen","category-kiezschlagzeilen","category-termin","tag-ausstellung","tag-bilinguales-gymnasium-weisensee","tag-rathaus-weisensee","tag-schulen"],"_links":{"self":[{"href":"https:\/\/kiezblog-weissensee.de\/index.php?rest_route=\/wp\/v2\/posts\/175","targetHints":{"allow":["GET"]}}],"collection":[{"href":"https:\/\/kiezblog-weissensee.de\/index.php?rest_route=\/wp\/v2\/posts"}],"about":[{"href":"https:\/\/kiezblog-weissensee.de\/index.php?rest_route=\/wp\/v2\/types\/post"}],"author":[{"embeddable":true,"href":"https:\/\/kiezblog-weissensee.de\/index.php?rest_route=\/wp\/v2\/users\/1"}],"replies":[{"embeddable":true,"href":"https:\/\/kiezblog-weissensee.de\/index.php?rest_route=%2Fwp%2Fv2%2Fcomments&post=175"}],"version-history":[{"count":0,"href":"https:\/\/kiezblog-weissensee.de\/index.php?rest_route=\/wp\/v2\/posts\/175\/revisions"}],"wp:featuredmedia":[{"embeddable":true,"href":"https:\/\/kiezblog-weissensee.de\/index.php?rest_route=\/wp\/v2\/media\/176"}],"wp:attachment":[{"href":"https:\/\/kiezblog-weissensee.de\/index.php?rest_route=%2Fwp%2Fv2%2Fmedia&parent=175"}],"wp:term":[{"taxonomy":"category","embeddable":true,"href":"https:\/\/kiezblog-weissensee.de\/index.php?rest_route=%2Fwp%2Fv2%2Fcategories&post=175"},{"taxonomy":"post_tag","embeddable":true,"href":"https:\/\/kiezblog-weissensee.de\/index.php?rest_route=%2Fwp%2Fv2%2Ftags&post=175"}],"curies":[{"name":"wp","href":"https:\/\/api.w.org\/{rel}","templated":true}]}}