{"id":313,"date":"2013-08-25T15:42:43","date_gmt":"2013-08-25T13:42:43","guid":{"rendered":"http:\/\/kiezblog-weissensee.de\/?p=313"},"modified":"2013-10-25T15:01:28","modified_gmt":"2013-10-25T13:01:28","slug":"gemischten-platte-prenzlauer-promenade-149-152-berlin-pankowweisensee","status":"publish","type":"post","link":"https:\/\/kiezblog-weissensee.de\/?p=313","title":{"rendered":"\u201eGemischte Platte\u201d, Prenzlauer Promenade 149-152, Berlin \u2013 Pankow\/Wei\u00dfensee"},"content":{"rendered":"<p><a href=\"http:\/\/kiezblog-weissensee.de\/wp-content\/uploads\/gemischte_platte_2013.jpg\"><img loading=\"lazy\" decoding=\"async\" class=\"alignleft size-medium wp-image-314\" alt=\"gemischte_platte_2013\" src=\"http:\/\/kiezblog-weissensee.de\/wp-content\/uploads\/gemischte_platte_2013-300x150.jpg\" width=\"300\" height=\"150\" srcset=\"https:\/\/kiezblog-weissensee.de\/wp-content\/uploads\/gemischte_platte_2013-300x150.jpg 300w, https:\/\/kiezblog-weissensee.de\/wp-content\/uploads\/gemischte_platte_2013-283x141.jpg 283w, https:\/\/kiezblog-weissensee.de\/wp-content\/uploads\/gemischte_platte_2013.jpg 710w\" sizes=\"auto, (max-width: 300px) 100vw, 300px\" \/><\/a><br \/>\nTag der Offenen Ateliers am Samstag, 7. September 2013 von 15 bis 20 Uhr im Atelierhaus Prenzlauer Promenade.<\/p>\n<div>\n<p>Auf sechs Etagen gew\u00e4hren die K\u00fcnstlerinnen und K\u00fcnstler Einblick in\u00a0ihre Ateliers und pr\u00e4sentieren aktuelle Arbeiten. Die Besucher erwartet ein\u00a0abwechslungsreiches Programm \u2013 Malerei, Zeichnung, Objekte, Druckgrafik,\u00a0Installation und Fotografie.<\/p>\n<p>Das Atelierhaus Prenzlauer Promenade hat sich in den letzten acht Jahren\u00a0zu einem Ort der Kunst entwickelt \u2013 doch die Zukunft des Hauses ist\u00a0weiterhin ungewiss. Die Bezirksversammlung Pankow und die Berliner\u00a0Kulturverwaltung sowie die Senatsverwaltung f\u00fcr Stadtentwicklung\u00a0und Umwelt haben sich f\u00fcr den Erhalt und Ausbau des Atelierhauses\u00a0ausgesprochen. Noch wird das Haus vom Liegenschaftsfonds Berlin\u00a0verwaltet \u2013 aktuell gibt es einen Vermietungsstopp trotz Leerstand.<\/p>\n<p>Eine verl\u00e4ssliche L\u00f6sung ist noch nicht in Sicht und somit geht die\u00a0Zitterpartie um die Ateliers weiter.\u00a0Berlin braucht seine K\u00fcnstler und K\u00fcnstler brauchen bezahlbare Ateliers.<\/p>\n<p>Internetseite: <a href=\"http:\/\/atelierhausprenzlauerpromenadeberlin.wordpress.com\/2013\/08\/20\/gemischte-platte-2013\/\">http:\/\/atelierhausprenzlauerpromenadeberlin.wordpress.com\/<\/a><\/p>\n<\/div>\n","protected":false},"excerpt":{"rendered":"<p>Tag der Offenen Ateliers am Samstag, 7. September 2013 von 15 bis 20 Uhr im Atelierhaus Prenzlauer Promenade.<\/p>\n<p class=\"more\"><a class=\"more\" href=\"https:\/\/kiezblog-weissensee.de\/?p=313\">weiterlesen&#8230;<\/a><\/p>\n","protected":false},"author":1,"featured_media":314,"comment_status":"closed","ping_status":"closed","sticky":false,"template":"","format":"standard","meta":{"footnotes":""},"categories":[20,1,17],"tags":[],"class_list":["post-313","post","type-post","status-publish","format-standard","has-post-thumbnail","hentry","category-kiezschlagzeilen","category-kunst-kultur","category-termin"],"_links":{"self":[{"href":"https:\/\/kiezblog-weissensee.de\/index.php?rest_route=\/wp\/v2\/posts\/313","targetHints":{"allow":["GET"]}}],"collection":[{"href":"https:\/\/kiezblog-weissensee.de\/index.php?rest_route=\/wp\/v2\/posts"}],"about":[{"href":"https:\/\/kiezblog-weissensee.de\/index.php?rest_route=\/wp\/v2\/types\/post"}],"author":[{"embeddable":true,"href":"https:\/\/kiezblog-weissensee.de\/index.php?rest_route=\/wp\/v2\/users\/1"}],"replies":[{"embeddable":true,"href":"https:\/\/kiezblog-weissensee.de\/index.php?rest_route=%2Fwp%2Fv2%2Fcomments&post=313"}],"version-history":[{"count":0,"href":"https:\/\/kiezblog-weissensee.de\/index.php?rest_route=\/wp\/v2\/posts\/313\/revisions"}],"wp:featuredmedia":[{"embeddable":true,"href":"https:\/\/kiezblog-weissensee.de\/index.php?rest_route=\/wp\/v2\/media\/314"}],"wp:attachment":[{"href":"https:\/\/kiezblog-weissensee.de\/index.php?rest_route=%2Fwp%2Fv2%2Fmedia&parent=313"}],"wp:term":[{"taxonomy":"category","embeddable":true,"href":"https:\/\/kiezblog-weissensee.de\/index.php?rest_route=%2Fwp%2Fv2%2Fcategories&post=313"},{"taxonomy":"post_tag","embeddable":true,"href":"https:\/\/kiezblog-weissensee.de\/index.php?rest_route=%2Fwp%2Fv2%2Ftags&post=313"}],"curies":[{"name":"wp","href":"https:\/\/api.w.org\/{rel}","templated":true}]}}