{"id":328,"date":"2013-10-21T20:47:54","date_gmt":"2013-10-21T18:47:54","guid":{"rendered":"http:\/\/kiezblog-weissensee.de\/?p=328"},"modified":"2013-10-21T20:50:05","modified_gmt":"2013-10-21T18:50:05","slug":"erinnerung-an-prof-dr-jurgen-kuczynski","status":"publish","type":"post","link":"https:\/\/kiezblog-weissensee.de\/?p=328","title":{"rendered":"Erinnerung an Prof. Dr. J\u00fcrgen Kuczynski"},"content":{"rendered":"<div>\n<p>Trotz jahrelanger Bem\u00fchungen engagierter B\u00fcrger gibt es in Berlin-Wei\u00dfensee noch immer keine W\u00fcrdigung f\u00fcr Prof. Dr. Dr. J\u00fcrgen Kuczynski im \u00f6ffentlichen Raum. Auch deshalb erinnert der Verein Wei\u00dfenseer Heimatfreunde im Rahmen der Reihe \u201c700 Jahre Wei\u00dfensee \u2013 Wei\u00dfenseer Lebensl\u00e4ufe\u201c mit einer Veranstaltung an sein Leben und Wirken:<\/p>\n<p align=\"center\"><b>Prof. Dr. J\u00fcrgen Kuczynski <\/b><b>\u2013<\/b><b> W<\/b><b>issenschaftler und<br \/>\nAntifaschist<\/b><b>. <\/b><b>\u2013<\/b><b>\u00a0<\/b> Zeitzeugen berichten<\/p>\n<p align=\"center\">Mittwoch, <b>23.10.2013, 18:00 Uhr<\/b><\/p>\n<p align=\"center\">im <b>Frei-Zeit-Haus Berlin-Wei\u00dfensee<\/b>,<br \/>\nPistoriusstra\u00dfe 23<\/p>\n<p>Einen interessanten und keineswegs akademischen Abend versprechen die ProfessorInnen Hermann Klenner (\u201eWer war J\u00fcrgen Kuczynski ?\u201c), Herbert Mei\u00dfner (\u201eJ. K. \u2013 Universalgelehrter der deutschen Gesellschaftswissenschaft\u201c), Gretchen Binus (\u201e J. K. \u2013 ein ungew\u00f6hnlicher Mensch und Lehrer\u201c) und J\u00f6rg R\u00f6sler (\u201eJ\u00fcrgen Kuczynski und die DDR\u201c). \u2013 Moderiert wird der Abend von Prof. Dr. Gudrun Langendorf.<\/p>\n<ul>\n<li>Quelle: <a href=\"http:\/\/weissenseehohenschoenhausen.vvn-bda.de\/\">http:\/\/weissenseehohenschoenhausen.vvn-bda.de\/<\/a><\/li>\n<\/ul>\n<\/div>\n","protected":false},"excerpt":{"rendered":"<p>Mittwoch, 23.10.2013, 18:00 Uhr im Frei-Zeit-Haus Berlin-Wei\u00dfensee, Pistoriusstra\u00dfe 23<br \/>\nGedenkveranstaltung: Prof. Dr. J\u00fcrgen Kuczynski \u2013 Wissenschaftler und Antifaschist. \u2013  Zeitzeugen berichten<\/p>\n<p class=\"more\"><a class=\"more\" href=\"https:\/\/kiezblog-weissensee.de\/?p=328\">weiterlesen&#8230;<\/a><\/p>\n","protected":false},"author":1,"featured_media":0,"comment_status":"closed","ping_status":"closed","sticky":false,"template":"","format":"standard","meta":{"footnotes":""},"categories":[20,5,17],"tags":[],"class_list":["post-328","post","type-post","status-publish","format-standard","hentry","category-kiezschlagzeilen","category-politik","category-termin"],"_links":{"self":[{"href":"https:\/\/kiezblog-weissensee.de\/index.php?rest_route=\/wp\/v2\/posts\/328","targetHints":{"allow":["GET"]}}],"collection":[{"href":"https:\/\/kiezblog-weissensee.de\/index.php?rest_route=\/wp\/v2\/posts"}],"about":[{"href":"https:\/\/kiezblog-weissensee.de\/index.php?rest_route=\/wp\/v2\/types\/post"}],"author":[{"embeddable":true,"href":"https:\/\/kiezblog-weissensee.de\/index.php?rest_route=\/wp\/v2\/users\/1"}],"replies":[{"embeddable":true,"href":"https:\/\/kiezblog-weissensee.de\/index.php?rest_route=%2Fwp%2Fv2%2Fcomments&post=328"}],"version-history":[{"count":0,"href":"https:\/\/kiezblog-weissensee.de\/index.php?rest_route=\/wp\/v2\/posts\/328\/revisions"}],"wp:attachment":[{"href":"https:\/\/kiezblog-weissensee.de\/index.php?rest_route=%2Fwp%2Fv2%2Fmedia&parent=328"}],"wp:term":[{"taxonomy":"category","embeddable":true,"href":"https:\/\/kiezblog-weissensee.de\/index.php?rest_route=%2Fwp%2Fv2%2Fcategories&post=328"},{"taxonomy":"post_tag","embeddable":true,"href":"https:\/\/kiezblog-weissensee.de\/index.php?rest_route=%2Fwp%2Fv2%2Ftags&post=328"}],"curies":[{"name":"wp","href":"https:\/\/api.w.org\/{rel}","templated":true}]}}