{"id":330,"date":"2013-10-25T14:55:26","date_gmt":"2013-10-25T12:55:26","guid":{"rendered":"http:\/\/kiezblog-weissensee.de\/?p=330"},"modified":"2013-10-25T15:02:12","modified_gmt":"2013-10-25T13:02:12","slug":"27-oktober-um-1100-uhr-kino-toni-sozialdemokratie-im-film","status":"publish","type":"post","link":"https:\/\/kiezblog-weissensee.de\/?p=330","title":{"rendered":"27. Oktober um 11:00 Uhr \/\/ Kino Toni \/\/ &#8222;Sozialdemokratie im Film&#8220;"},"content":{"rendered":"<p><a href=\"http:\/\/kiezblog-weissensee.de\/wp-content\/uploads\/Sozialdemokratie_im_Film.jpg\"><img loading=\"lazy\" decoding=\"async\" class=\"alignright size-medium wp-image-331\" alt=\"Sozialdemokratie_im_Film\" src=\"http:\/\/kiezblog-weissensee.de\/wp-content\/uploads\/Sozialdemokratie_im_Film-201x300.jpg\" width=\"201\" height=\"300\" srcset=\"https:\/\/kiezblog-weissensee.de\/wp-content\/uploads\/Sozialdemokratie_im_Film-201x300.jpg 201w, https:\/\/kiezblog-weissensee.de\/wp-content\/uploads\/Sozialdemokratie_im_Film-283x421.jpg 283w, https:\/\/kiezblog-weissensee.de\/wp-content\/uploads\/Sozialdemokratie_im_Film.jpg 645w\" sizes=\"auto, (max-width: 201px) 100vw, 201px\" \/><\/a>Am 27. Oktober um 11:00 Uhr startet im Kino Toni die Filmmatinee mit dem Titel &#8222;Sozialdemokratie im Film&#8220; &#8211; eine Kooperation der <a href=\"https:\/\/www.facebook.com\/SpdBerlinWeissensee?directed_target_id=0\" data-hovercard=\"\/ajax\/hovercard\/page.php?id=256891874417308&amp;extragetparams=%7B%22directed_target_id%22%3A0%7D\">SPD Berlin Wei\u00dfensee<\/a> und des Kino Toni. Fortan werden an jedem 4. Sonntag des Monats einen Film \u00fcber das Leben und Wirken sozialdemokratischer Pers\u00f6nlichkeiten gezeigt und in einem anschlie\u00dfenden Filmgespr\u00e4ch mit Experten, Zeitzeugen oder Wegbegleitern wird es die Gelegenheit geben, sich \u00fcber den Film und\/oder die portr\u00e4tierte Person auszutauschen.<\/p>\n<p>Zum Auftakt wird anl\u00e4sslich des 100. Geburtstags Willy Brandts der erste Teil des Films &#8222;Im Schatten der Macht&#8220; \u00fcber die letzten 14 Tage seiner Kanzlerschaft vorgef\u00fchrt.<\/p>\n","protected":false},"excerpt":{"rendered":"<p>Am 27. Oktober um 11:00 Uhr startet im Kino Toni die Filmmatinee mit dem Titel &#8222;Sozialdemokratie im Film&#8220; &#8211; eine Kooperation der SPD Berlin Wei\u00dfensee und des Kino Toni.<\/p>\n<p class=\"more\"><a class=\"more\" href=\"https:\/\/kiezblog-weissensee.de\/?p=330\">weiterlesen&#8230;<\/a><\/p>\n","protected":false},"author":1,"featured_media":331,"comment_status":"closed","ping_status":"closed","sticky":false,"template":"","format":"standard","meta":{"footnotes":""},"categories":[20,5,17],"tags":[],"class_list":["post-330","post","type-post","status-publish","format-standard","has-post-thumbnail","hentry","category-kiezschlagzeilen","category-politik","category-termin"],"_links":{"self":[{"href":"https:\/\/kiezblog-weissensee.de\/index.php?rest_route=\/wp\/v2\/posts\/330","targetHints":{"allow":["GET"]}}],"collection":[{"href":"https:\/\/kiezblog-weissensee.de\/index.php?rest_route=\/wp\/v2\/posts"}],"about":[{"href":"https:\/\/kiezblog-weissensee.de\/index.php?rest_route=\/wp\/v2\/types\/post"}],"author":[{"embeddable":true,"href":"https:\/\/kiezblog-weissensee.de\/index.php?rest_route=\/wp\/v2\/users\/1"}],"replies":[{"embeddable":true,"href":"https:\/\/kiezblog-weissensee.de\/index.php?rest_route=%2Fwp%2Fv2%2Fcomments&post=330"}],"version-history":[{"count":0,"href":"https:\/\/kiezblog-weissensee.de\/index.php?rest_route=\/wp\/v2\/posts\/330\/revisions"}],"wp:featuredmedia":[{"embeddable":true,"href":"https:\/\/kiezblog-weissensee.de\/index.php?rest_route=\/wp\/v2\/media\/331"}],"wp:attachment":[{"href":"https:\/\/kiezblog-weissensee.de\/index.php?rest_route=%2Fwp%2Fv2%2Fmedia&parent=330"}],"wp:term":[{"taxonomy":"category","embeddable":true,"href":"https:\/\/kiezblog-weissensee.de\/index.php?rest_route=%2Fwp%2Fv2%2Fcategories&post=330"},{"taxonomy":"post_tag","embeddable":true,"href":"https:\/\/kiezblog-weissensee.de\/index.php?rest_route=%2Fwp%2Fv2%2Ftags&post=330"}],"curies":[{"name":"wp","href":"https:\/\/api.w.org\/{rel}","templated":true}]}}