{"id":372,"date":"2014-04-25T11:43:02","date_gmt":"2014-04-25T09:43:02","guid":{"rendered":"http:\/\/kiezblog-weissensee.de\/?p=372"},"modified":"2014-04-25T11:45:31","modified_gmt":"2014-04-25T09:45:31","slug":"veranstaltung-alternative-fur-deutschland-die-neue-sarrazin-partei-14-05-2014","status":"publish","type":"post","link":"https:\/\/kiezblog-weissensee.de\/?p=372","title":{"rendered":"Veranstaltung: Alternative f\u00fcr Deutschland \u2013 Die neue Sarrazin-Partei?! &#8211; 14.05.2014"},"content":{"rendered":"<p><a href=\"http:\/\/kiezblog-weissensee.de\/wp-content\/uploads\/afd_veranstaltung-300x204.jpg\"><img loading=\"lazy\" decoding=\"async\" class=\"size-full wp-image-373 alignleft\" alt=\"afd_veranstaltung-300x204\" src=\"http:\/\/kiezblog-weissensee.de\/wp-content\/uploads\/afd_veranstaltung-300x204.jpg\" width=\"300\" height=\"204\" srcset=\"https:\/\/kiezblog-weissensee.de\/wp-content\/uploads\/afd_veranstaltung-300x204.jpg 300w, https:\/\/kiezblog-weissensee.de\/wp-content\/uploads\/afd_veranstaltung-300x204-283x192.jpg 283w\" sizes=\"auto, (max-width: 300px) 100vw, 300px\" \/><\/a>Alternative f\u00fcr Deutschland \u2013 Die neue Sarrazin-Partei ?! &#8211; Mi. 14.05.2014 | 19.00 Uhr | Bunte Kuh | Bernkasteler Stra\u00dfe 78 |Wei\u00dfensee<\/p>\n<p>Referent*innen: Andreas Kemper (Autor)<\/p>\n<p>Anfang des letzten Jahres trat die \u201eAlternative f\u00fcr Deutschland\u201c (AfD) erstmals in Erscheinung. Die Partei wirbt mit allerlei Sicherheitsversprechen und Anti-Euro-Positionen. Hinter der sich neutral gebenden Fassade verbergen sich jedoch in erster Linie Forderungen nach Zerschlagung des Sozialstaates, dem Abbau von Arbeitnehmer*innen-Rechten, die Forderung nach Sanktionen f\u00fcr \u201efaule\u201c Migrant*innen und die Sehnsucht nach einem \u201ctraditionellen\u201d Frauenbild. Vertreter*innen der AfD gehen so weit, Menschen die nicht arbeiten, also Erwerbslosen, Rentner*innen und Studierenden, das Wahlrecht entziehen zu wollen.<\/p>\n<p>Die AfD ist eine Partei der Elite, mit dem Ziel, deren Interessen noch effektiver gegen die Bev\u00f6lkerung durchzudr\u00fccken. Um so erstaunlicher ist es, dass sie vor allem von jenen gew\u00e4hlt wurde, denen sie politische und soziale Rechte nehmen will: In Berlin-Hellersdorf gelang es der AfD, 6,4 % und in Pankow 4,8% der Zweitstimmen auf sich zu vereinen und ein unpolitisch-rechtes Publikum neben der NPD anzusprechen.<\/p>\n<p>Ihre Ausrichtung macht die AfD derzeit zu einer Sammlungspartei von Mitgliedern aus rechten Parteien, Adligen, Unternehmern*innen und Ultra-Konservativen. Bei den Europawahlen im Mai 2014, sowie bei den Landtagswahlen in Th\u00fcringen, Sachsen und Brandenburg w\u00fcrde die AfD nach derzeitigen Hochrechnungen in die Parlamente einziehen. W\u00e4hrend der Bundestagswahl 2013 verpasste die Partei nur knapp den Sprung in den Bundestag. Die AfD ist brandgef\u00e4hrlich, vor allem weil vielen die Ziele der Partei kaum bekannt sind. Die Vortr\u00e4ge am 14. Und 16. Mai in Berlin sollen darum \u00fcber die Akteure und Forderungen der AfD informieren und Einstiege ins Gespr\u00e4ch bieten.<\/p>\n<p><em>Veranstalter*innen: <a href=\"http:\/\/nea.antifa.de\/\">North East Antifa (NEA)<\/a><\/em><br \/>\n<em>Unterst\u00fctzt durch: <a href=\"http:\/\/www.die-linke-berlin.de\/die_linke\/partei\/lag_und_ig_plattformen\/lag_antifaschismus\/\">LAG Antifaschismus (Die.LINKE Berlin)<\/a><\/em><\/p>\n","protected":false},"excerpt":{"rendered":"<p>Alternative f\u00fcr Deutschland \u2013 Die neue Sarrazin-Partei?!<br \/>\nMi. 14.05.2014 | Beginn: 20.30 Uhr | Bunte Kuh | Bernkasteler Stra\u00dfe 78 |Wei\u00dfensee<\/p>\n<p class=\"more\"><a class=\"more\" href=\"https:\/\/kiezblog-weissensee.de\/?p=372\">weiterlesen&#8230;<\/a><\/p>\n","protected":false},"author":1,"featured_media":373,"comment_status":"closed","ping_status":"closed","sticky":false,"template":"","format":"standard","meta":{"footnotes":""},"categories":[20,5,17],"tags":[],"class_list":["post-372","post","type-post","status-publish","format-standard","has-post-thumbnail","hentry","category-kiezschlagzeilen","category-politik","category-termin"],"_links":{"self":[{"href":"https:\/\/kiezblog-weissensee.de\/index.php?rest_route=\/wp\/v2\/posts\/372","targetHints":{"allow":["GET"]}}],"collection":[{"href":"https:\/\/kiezblog-weissensee.de\/index.php?rest_route=\/wp\/v2\/posts"}],"about":[{"href":"https:\/\/kiezblog-weissensee.de\/index.php?rest_route=\/wp\/v2\/types\/post"}],"author":[{"embeddable":true,"href":"https:\/\/kiezblog-weissensee.de\/index.php?rest_route=\/wp\/v2\/users\/1"}],"replies":[{"embeddable":true,"href":"https:\/\/kiezblog-weissensee.de\/index.php?rest_route=%2Fwp%2Fv2%2Fcomments&post=372"}],"version-history":[{"count":0,"href":"https:\/\/kiezblog-weissensee.de\/index.php?rest_route=\/wp\/v2\/posts\/372\/revisions"}],"wp:featuredmedia":[{"embeddable":true,"href":"https:\/\/kiezblog-weissensee.de\/index.php?rest_route=\/wp\/v2\/media\/373"}],"wp:attachment":[{"href":"https:\/\/kiezblog-weissensee.de\/index.php?rest_route=%2Fwp%2Fv2%2Fmedia&parent=372"}],"wp:term":[{"taxonomy":"category","embeddable":true,"href":"https:\/\/kiezblog-weissensee.de\/index.php?rest_route=%2Fwp%2Fv2%2Fcategories&post=372"},{"taxonomy":"post_tag","embeddable":true,"href":"https:\/\/kiezblog-weissensee.de\/index.php?rest_route=%2Fwp%2Fv2%2Ftags&post=372"}],"curies":[{"name":"wp","href":"https:\/\/api.w.org\/{rel}","templated":true}]}}