{"id":407,"date":"2014-09-12T22:00:46","date_gmt":"2014-09-12T20:00:46","guid":{"rendered":"http:\/\/kiezblog-weissensee.de\/?p=407"},"modified":"2014-09-22T11:30:24","modified_gmt":"2014-09-22T09:30:24","slug":"19-september-sich-fugen-heist-lugen-erich-muhsam-abend","status":"publish","type":"post","link":"https:\/\/kiezblog-weissensee.de\/?p=407","title":{"rendered":"19.September &#8211; \u201eSich f\u00fcgen hei\u00dft l\u00fcgen!\u201c \u2013 Erich M\u00fchsam-Abend"},"content":{"rendered":"<p><a href=\"http:\/\/kiezblog-weissensee.de\/wp-content\/uploads\/ErichMuehsam1906.jpg\"><img loading=\"lazy\" decoding=\"async\" class=\"alignright  wp-image-409\" alt=\"ErichMuehsam1906\" src=\"http:\/\/kiezblog-weissensee.de\/wp-content\/uploads\/ErichMuehsam1906.jpg\" width=\"170\" height=\"190\" srcset=\"https:\/\/kiezblog-weissensee.de\/wp-content\/uploads\/ErichMuehsam1906.jpg 283w, https:\/\/kiezblog-weissensee.de\/wp-content\/uploads\/ErichMuehsam1906-268x300.jpg 268w\" sizes=\"auto, (max-width: 170px) 100vw, 170px\" \/><\/a>Erich M\u00fchsam wurde vor 80 Jahren von den Nazis hingerichtet.\u00a0 Anl\u00e4sslich seines 80. Todestages wir dem bekannten Schriftsteller, Revolution\u00e4r und Freigeist mit einem kleinen Kulturprogramm geehrt. Der Singende Tresen wird die Erich M\u00fchsam-Neuvertonungen ihrer frisch erschienen CD \u201eM\u00fchsam Blues\u201c zum besten geben. Anekdoten und Gedichte aus dem ebenfalls neu erschienen M\u00fchsam-Lesebuch \u201eDas seid ihr Hunde wert\u201c runden das Programm ab.<\/p>\n<p><strong> Livemusik: Der Singende Tresen, Wort und Ton-Manufaktur<\/strong><br \/>\nOrt: 19.09.2014 | 18:00 Uhr | Freilichtb\u00fchne Wei\u00dfensee | Gro\u00dfe Seestra\u00dfe 9 | 13086 Berlin<\/p>\n","protected":false},"excerpt":{"rendered":"<p>Erich M\u00fchsam wurde vor 80 Jahren von den Nazis hingerichtet.  Anl\u00e4sslich seines 80. Todestages wir dem bekannten Schriftsteller, Revolution\u00e4r und Freigeist mit einem kleinen Kulturprogramm geehrt.<\/p>\n<p class=\"more\"><a class=\"more\" href=\"https:\/\/kiezblog-weissensee.de\/?p=407\">weiterlesen&#8230;<\/a><\/p>\n","protected":false},"author":1,"featured_media":409,"comment_status":"closed","ping_status":"closed","sticky":false,"template":"","format":"standard","meta":{"footnotes":""},"categories":[20,5,17],"tags":[],"class_list":["post-407","post","type-post","status-publish","format-standard","has-post-thumbnail","hentry","category-kiezschlagzeilen","category-politik","category-termin"],"_links":{"self":[{"href":"https:\/\/kiezblog-weissensee.de\/index.php?rest_route=\/wp\/v2\/posts\/407","targetHints":{"allow":["GET"]}}],"collection":[{"href":"https:\/\/kiezblog-weissensee.de\/index.php?rest_route=\/wp\/v2\/posts"}],"about":[{"href":"https:\/\/kiezblog-weissensee.de\/index.php?rest_route=\/wp\/v2\/types\/post"}],"author":[{"embeddable":true,"href":"https:\/\/kiezblog-weissensee.de\/index.php?rest_route=\/wp\/v2\/users\/1"}],"replies":[{"embeddable":true,"href":"https:\/\/kiezblog-weissensee.de\/index.php?rest_route=%2Fwp%2Fv2%2Fcomments&post=407"}],"version-history":[{"count":0,"href":"https:\/\/kiezblog-weissensee.de\/index.php?rest_route=\/wp\/v2\/posts\/407\/revisions"}],"wp:featuredmedia":[{"embeddable":true,"href":"https:\/\/kiezblog-weissensee.de\/index.php?rest_route=\/wp\/v2\/media\/409"}],"wp:attachment":[{"href":"https:\/\/kiezblog-weissensee.de\/index.php?rest_route=%2Fwp%2Fv2%2Fmedia&parent=407"}],"wp:term":[{"taxonomy":"category","embeddable":true,"href":"https:\/\/kiezblog-weissensee.de\/index.php?rest_route=%2Fwp%2Fv2%2Fcategories&post=407"},{"taxonomy":"post_tag","embeddable":true,"href":"https:\/\/kiezblog-weissensee.de\/index.php?rest_route=%2Fwp%2Fv2%2Ftags&post=407"}],"curies":[{"name":"wp","href":"https:\/\/api.w.org\/{rel}","templated":true}]}}