{"id":433,"date":"2014-09-30T20:59:16","date_gmt":"2014-09-30T18:59:16","guid":{"rendered":"http:\/\/kiezblog-weissensee.de\/?p=433"},"modified":"2014-09-29T21:06:53","modified_gmt":"2014-09-29T19:06:53","slug":"gedenkstatten-tagesfahrt-nach-ravensbruck","status":"publish","type":"post","link":"https:\/\/kiezblog-weissensee.de\/?p=433","title":{"rendered":"11.Oktober: Gedenkst\u00e4tten-Tagesfahrt nach Ravensbr\u00fcck"},"content":{"rendered":"<p><a href=\"http:\/\/kiezblog-weissensee.de\/wp-content\/uploads\/gedenkstaettenfahrt_ravensbr\u00fcck_01.jpg\"><img loading=\"lazy\" decoding=\"async\" class=\"alignright  wp-image-434\" alt=\"gedenkstaettenfahrt_ravensbr\u00fcck_01\" src=\"http:\/\/kiezblog-weissensee.de\/wp-content\/uploads\/gedenkstaettenfahrt_ravensbr\u00fcck_01.jpg\" width=\"240\" height=\"336\" srcset=\"https:\/\/kiezblog-weissensee.de\/wp-content\/uploads\/gedenkstaettenfahrt_ravensbr\u00fcck_01.jpg 571w, https:\/\/kiezblog-weissensee.de\/wp-content\/uploads\/gedenkstaettenfahrt_ravensbr\u00fcck_01-214x300.jpg 214w, https:\/\/kiezblog-weissensee.de\/wp-content\/uploads\/gedenkstaettenfahrt_ravensbr\u00fcck_01-283x396.jpg 283w\" sizes=\"auto, (max-width: 240px) 100vw, 240px\" \/><\/a><em><strong><\/strong><\/em><strong>Sa. 11.10.2014 | 09:00 Uhr | Antonplatz (Wei\u00dfensee)<\/strong><\/p>\n<div>\n<p><strong>Veranstalter*innen:<\/strong> <a href=\"http:\/\/www.buntekuhverein.de\" target=\"_blank\">Haus der Jugend \u201cBunte Kuh\u201d e.V.<\/a> &amp; <a href=\"http:\/\/weissenseehohenschoenhausen.vvn-bda.de\" target=\"_blank\">VVN-BdA Wei\u00dfensee\/Hohensch\u00f6nhausen<\/a><\/p>\n<p><strong>Kosten:<\/strong> Karten f\u00fcr den Bus sind gegen Spende erh\u00e4ltlich. Schreibt an:<strong>\u00a0<a href=\"mailto:bda-weissensee-hsh@web.de\">bda-weissensee-hsh@web.de<\/a><\/strong><\/p>\n<p>Am 11.Oktober organisiert die Bunte Kuh zusammen mit der lokalen Gruppe der VVN-BdA eine Gedenkst\u00e4ttenfahrt in das ehem. Frauen-KZ Ravensbr\u00fcck. Nach dem gef\u00fchrten Rundgang durch die Gedenkst\u00e4tte, werden antifaschistische Initiativen von ihrer Gedenkarbeit berichten.<\/p>\n<p><em>1.Teil:<\/em> geleiteter Rundgang \u00fcber die Mahn- und Gedenkst\u00e4tte Ravensbr\u00fcck<\/p>\n<p><em>2.Teil:<\/em> Besuch des ehema. Siemens-Au\u00dfenlagers und des ehem. Jugendkonzentrationslager f\u00fcr M\u00e4dchen und junge Frauen zusammen mit antifaschistischen Gedenkinitiativen<\/p>\n<p><strong>Hinfahrt:<\/strong> 09:00 Uhr Treffpunkt am Antonplatz in Wei\u00dfensee<br \/>\n<strong>R\u00fcckfahrt:<\/strong> 17:00 Uhr Ankunft am Antonplatz<\/p>\n<\/div>\n","protected":false},"excerpt":{"rendered":"<p>Am 11.Oktober organisiert das Haus der Jugend Bunte Kuh zusammen mit der lokalen Gruppe der VVN-BdA eine Gedenkst\u00e4ttenfahrt in das ehem. Frauen-KZ Ravensbr\u00fcck.<\/p>\n<p class=\"more\"><a class=\"more\" href=\"https:\/\/kiezblog-weissensee.de\/?p=433\">weiterlesen&#8230;<\/a><\/p>\n","protected":false},"author":1,"featured_media":434,"comment_status":"closed","ping_status":"closed","sticky":false,"template":"","format":"standard","meta":{"footnotes":""},"categories":[20,5,17],"tags":[],"class_list":["post-433","post","type-post","status-publish","format-standard","has-post-thumbnail","hentry","category-kiezschlagzeilen","category-politik","category-termin"],"_links":{"self":[{"href":"https:\/\/kiezblog-weissensee.de\/index.php?rest_route=\/wp\/v2\/posts\/433","targetHints":{"allow":["GET"]}}],"collection":[{"href":"https:\/\/kiezblog-weissensee.de\/index.php?rest_route=\/wp\/v2\/posts"}],"about":[{"href":"https:\/\/kiezblog-weissensee.de\/index.php?rest_route=\/wp\/v2\/types\/post"}],"author":[{"embeddable":true,"href":"https:\/\/kiezblog-weissensee.de\/index.php?rest_route=\/wp\/v2\/users\/1"}],"replies":[{"embeddable":true,"href":"https:\/\/kiezblog-weissensee.de\/index.php?rest_route=%2Fwp%2Fv2%2Fcomments&post=433"}],"version-history":[{"count":0,"href":"https:\/\/kiezblog-weissensee.de\/index.php?rest_route=\/wp\/v2\/posts\/433\/revisions"}],"wp:featuredmedia":[{"embeddable":true,"href":"https:\/\/kiezblog-weissensee.de\/index.php?rest_route=\/wp\/v2\/media\/434"}],"wp:attachment":[{"href":"https:\/\/kiezblog-weissensee.de\/index.php?rest_route=%2Fwp%2Fv2%2Fmedia&parent=433"}],"wp:term":[{"taxonomy":"category","embeddable":true,"href":"https:\/\/kiezblog-weissensee.de\/index.php?rest_route=%2Fwp%2Fv2%2Fcategories&post=433"},{"taxonomy":"post_tag","embeddable":true,"href":"https:\/\/kiezblog-weissensee.de\/index.php?rest_route=%2Fwp%2Fv2%2Ftags&post=433"}],"curies":[{"name":"wp","href":"https:\/\/api.w.org\/{rel}","templated":true}]}}