{"id":442,"date":"2014-10-31T14:41:32","date_gmt":"2014-10-31T13:41:32","guid":{"rendered":"http:\/\/kiezblog-weissensee.de\/?p=442"},"modified":"2014-11-03T15:14:40","modified_gmt":"2014-11-03T14:14:40","slug":"veranstaltungsreihe-weisensee-macht-vielfalt","status":"publish","type":"post","link":"https:\/\/kiezblog-weissensee.de\/?p=442","title":{"rendered":"Veranstaltungsreihe: Wei\u00dfensee MACHT Vielfalt ab 19.November"},"content":{"rendered":"<p><strong>19.11.2014 bis 03.12.2014 | Wei\u00dfensee\/Heinersdorf<\/strong><strong><br \/>\n<\/strong><strong><br \/>\nVeranstalter*innen: <em>Ein Projekt von F\u00f6rderverein <a href=\"http:\/\/trixiewiz.de\/\" target=\"_blank\">Trixiewiz e.V.<\/a><\/em><\/strong><\/p>\n<p><strong>Programmheft:<\/strong> [<a href=\"http:\/\/kiezblog-weissensee.de\/wp-content\/uploads\/weissensee_macht_vielfalt.pdf\" target=\"_blank\">PDF<\/a>]<\/p>\n<p><strong>Mi 19.11.2014 | <\/strong>Filmvorf\u00fchrung zum Thema Alltagsdiskriminierung und Identit\u00e4t<br \/>\n<strong> Mi. 19.11.2014 | <\/strong>Filmvorf\u00fchrung und performance zum Thema Flucht und Migration<\/p>\n<p><strong>Do. 20.11.2014 | <\/strong>Ausstellungser\u00f6ffnung: Eine visuelle Sprache der Migration<br \/>\n<strong> Fr. 21.11.2014 | <\/strong>Ausstellungser\u00f6ffnung: Stereotypen<br \/>\n<strong> Fr. 21.11.2014 | <\/strong>Tag des offenen Projekts: Kommen und Bleiben<br \/>\n<strong> Sa. 22.11.2014 | <\/strong>Training zu Migration und Rassismus<br \/>\n<strong> So. 23.11.2014 | <\/strong>Interreligi\u00f6ser Spaziergang durch Wei\u00dfensee und Heinersdorf<br \/>\n<strong> So. 23.11.2014 | <\/strong>Filmvorf\u00fchrung: Augen AUF!<br \/>\n<strong> Di. 25.11.2014 | <\/strong>Kunstaktion: Wieviel kostet ein Leben?<br \/>\n<strong> Fr. 28.11.2014 | <\/strong>Fortbildung zur rassismuskritischen p\u00e4dagogischen Praxis<br \/>\n<strong> Sa. 29.11.2014 | <\/strong>Kunstaktion mit Jugendlichen zum Thema Diversit\u00e4t und Zivilcourage<br \/>\n<strong> So. 30.11.2014 | <\/strong>Performance und Diskussion: Jeder nach seinen Bed\u00fcrfnissen<br \/>\n<strong> Di. 2.12.2014 | <\/strong>Ausstellungser\u00f6ffnung: Eine visuelle Sprache der Migration<\/p>\n<p><strong>Veranstaltungstexte und Informationen zur Reihe hier:<\/strong><\/p>\n<p>Die Veranstaltungsreihe Wei\u00dfensee MACHT Vielfalt m\u00f6chte anhand von Workshops, Diskussionen, Ausstellungen, Kunstaktionen und Filmvorf\u00fchrungen einen Impuls f\u00fcr eine aktive Auseinandersetzung mit den Themen Migration, Flucht, Rassismus, Alltagsdiskriminierung und Diversit\u00e4t geben.<br \/>\nWir wollen jegliche Art von gruppenbezogene Menschenfeindlichkeit und Diskriminierung sichtbar machen und bek\u00e4mpfen, eine Sensibilisierung der Aufnahmegesellschaft f\u00fcr eine transkulturelle Diversit\u00e4t erreichen, sowie B\u00fcrger_innen anregen, sich f\u00fcr eine vielf\u00e4ltige, gerechte und solidarische Gesellschaft einzusetzen und sich f\u00fcr Menschenrechte und Fl\u00fcchtlingsschutz zu engagieren.<br \/>\nDas zweiw\u00f6chige Programm vom 19.11.2014 bis 2.12.2014 bietet ein vielf\u00e4ltiges Angebot f\u00fcr unterschiedliche Zielgruppen in Wei\u00dfensee\/Pankow Heinersdorf an, in denen eine umfassende Auseinandersetzung mit dieser Thematik erm\u00f6glicht wird.<\/p>\n<p>Das Projekt findet in Kooperation mit <a href=\"http:\/\/www.oase-berlin.org\/\">OASE Berlin<\/a> und in enger Zusammenarbeit mit lokalen Netzwerken, Initiativen und engagierten Akteuren statt.<\/p>\n<p><strong>Filmvorf\u00fchrung zum Thema Alltagsdiskriminierung und Identit\u00e4t<\/strong><br \/>\n<strong>Mi 19.11.2014 | 10:30 Uhr | Kino Toni &amp; Tonino | Antonplatz 1<\/strong><\/p>\n<p>\u2013 ID\u2013withoutcolors von Riccardo Valsecchi<br \/>\n\u2013 Wo kommst Du wirklich her? von Christina Antonakos Wallace<br \/>\nund Podiumsdiskussion mit Olga Gerstenberger (<a href=\"https:\/\/de-de.facebook.com\/withWINGSandROOTS\" target=\"_blank\">with Wings and Roots<\/a>) und Biplab Basu (<a href=\"http:\/\/www.reachoutberlin.de\/\" target=\"_blank\">ReachOut<\/a> \/ <a href=\"https:\/\/www.kop-berlin.de\/\" target=\"_blank\">Kampagne f\u00fcr Opfer rassistischer Polizeigewalt \u2013 KOP-Berlin<\/a>)<\/p>\n<p><strong>Filmvorf\u00fchrung und Performance zum Thema Flucht und Migration <\/strong><br \/>\n<strong>Mi. 19.11.2014 | 19:30 Uhr | Kino Toni &amp; Tonino | Antonplatz 1<\/strong><\/p>\n<p>\u2013 Performance Ahoi Lampedusa von Yagi Taffere<br \/>\n\u2013 Widerstand in der von Fl\u00fcchtlingen besetzten Schule von Denise Garcia Bergt<br \/>\n\u2013 The land between von David Fedele und Podiumsdiskussion mit Denise Garcia Bergt, Harald Gl\u00f6de (Borderline Europe), Berenice B\u00f6hlo (Rechtsanw\u00e4ltin <a href=\"http:\/\/www.rav.de\/\" target=\"_blank\">RAV<\/a>), Nadiye (Aktivistin) und Napuli (Fl\u00fcchtlingsaktivistin), Moderation: Jochen Schwarz (Fl\u00fcchtlingsberatungsstelle <a href=\"http:\/\/www.oase-berlin.org\/\">OASE Berlin e.V.<\/a>)<\/p>\n<p><strong>Ausstellungser\u00f6ffnung: Eine visuelle Sprache der Migration<\/strong><br \/>\n<strong> Do. 20.11.2014 | 16:30 Uhr | B\u00fcrgeramt Wei\u00dfensee | Berliner Allee 252-260<\/strong><\/p>\n<p>Vom <a href=\"http:\/\/www.migrantas.org\/web_migrantas_deutsch.html\" target=\"_blank\">Kollektiv migrantas<\/a> | ge\u00f6ffnet bis 3.12.2014<br \/>\nGru\u00dfwort von Katarina Niewiedzial (Integrationsbeauftragte von Pankow)<\/p>\n<p><strong>Ausstellungser\u00f6ffnung: Stereotypen<\/strong><br \/>\n<strong> Fr. 21.11.2014 | 17:30 Uhr | Wolfdietrich-Schnurre-Bibliothek | BizetstraSSe 41<\/strong><\/p>\n<p>Patricia Vester | ge\u00f6ffnet bis 10.1.2015<\/p>\n<p><strong>Tag des offenen Projekts: Kommen und Bleiben<\/strong><br \/>\n<strong>Fr. 21.11.2014 | 10:30\u201315:30 Uhr | Kunsthochschule Wei\u00dfensee | B\u00fchringstr.20<\/strong><br \/>\nEin Projekt Berliner Fl\u00fcchtlinge und der Kunsthochschule Berlin-Weissensee<\/p>\n<p><strong>Training zu Migration und Rassismus: Stark durch meine Geschichte!<\/strong><br \/>\n<strong> Sa. 22.11.2014 | 10\u201316 Uhr | Frei-Zeit-Haus e.V. Wei\u00dfensee | Pistoriusstr. 23<\/strong><\/p>\n<p>mit Tugba Tanyilmaz und Regina Knoll<br \/>\nEmpowerment Training f\u00fcr Frauen mit Migrationsgeschichte, Schwarze Frauen, Women of Color und Migrantinnen | Anmeldung erforderlich!<\/p>\n<p><strong>Interreligi\u00f6ser Spaziergang durch Wei\u00dfensee und Heinersdorf<\/strong><br \/>\n<strong> So. 23.11.2014 | 13\u201316 Uhr | vor der Khadija Moschee | Tiniusstr. 7<\/strong><\/p>\n<p>Eine Begegnung von Menschen verschiedenen Glaubens | Anmeldung erforderlich!<\/p>\n<p><strong>Filmvorf\u00fchrung: <a href=\"http:\/\/trixiewiz.de\/projekte.htm#augenauf\" target=\"_blank\">Augen AUF!<\/a><\/strong><br \/>\n<strong> So. 23.11.2014 | 17:00 Uhr | Kinder- und Jugendklub Maxim | Charlottenburgerstr. 117<\/strong><\/p>\n<p>Von Trixiewiz e.V. und den Jugendr\u00e4tinnen Berlin-Sch\u00f6neberg und Podiumsdiskussion mit Pinar Deniz (Jugendr\u00e4tin) und den Filmprotagonist_innen.<\/p>\n<p><strong>Kunstaktion: Wieviel kostet ein Leben?<\/strong><br \/>\n<strong> Di. 25.11.2014 | 12\u201318 Uhr | Wochenmarkt am Antonplatz<\/strong><\/p>\n<p>von Hassass Training Institute<br \/>\nKunstaktion zum Thema globales Handeln \/ Wert von Menschen \/ Diskriminierung<\/p>\n<p><strong> Fortbildung zur rassismuskritischen p\u00e4dagogischen Praxis<\/strong><br \/>\n<strong>Fr. 28.11.2014 | 10-16 Uhr | Frei-Zeit-Haus e.V. Wei\u00dfensee | Pistoriusstr.23<\/strong><\/p>\n<p>mit Tugba Tanyilmaz und Regina Knoll f\u00fcr Multiplikator_innen von Jugend- und anderen sozialen Einrichtungen | Anmeldung erforderlich!<\/p>\n<p><strong>Kunstaktion mit Jugendlichen zum Thema Diversit\u00e4t und Zivilcourage<\/strong><br \/>\n<strong> Sa. 29.11.2014 | 16:00 Uhr | Jugendclub Mahler 20 | Mahlerstr. 20<\/strong><\/p>\n<p><strong>Performance und Diskussion: Jeder nach seinen Bed\u00fcrfnissen<\/strong><br \/>\n<strong> So. 30.11.2014 | 17:00 Uhr | KuBiz \u2013 Raoul Wallenberg | Bernkastelerstr. 78<\/strong><\/p>\n<p>Ein Monolog von Anahita Izadi<\/p>\n<p><strong>Finissage mit einem Workshop: Tragetaschen Aktion mit Piktogrammen<\/strong><br \/>\n<strong> Di. 2.12.2014 | 16:00 Uhr | Familienzentrum Wei\u00dfensee | Mahlerstr. 4<\/strong><\/p>\n<p>Vom <a href=\"http:\/\/www.migrantas.org\/web_migrantas_deutsch.html\" target=\"_blank\">Kollektiv migrantas<\/a> | ge\u00f6ffnet bis 3.12.2014<\/p>\n","protected":false},"excerpt":{"rendered":"<p>Die Veranstaltungsreihe Wei\u00dfensee MACHT Vielfalt m\u00f6chte anhand von Workshops, Diskussionen, Ausstellungen, Kunstaktionen und Filmvorf\u00fchrungen einen Impuls f\u00fcr eine aktive Auseinandersetzung mit den Themen Migration, Flucht, Rassismus, Alltagsdiskriminierung und Diversit\u00e4t geben.<\/p>\n<p class=\"more\"><a class=\"more\" href=\"https:\/\/kiezblog-weissensee.de\/?p=442\">weiterlesen&#8230;<\/a><\/p>\n","protected":false},"author":1,"featured_media":444,"comment_status":"closed","ping_status":"closed","sticky":false,"template":"","format":"standard","meta":{"footnotes":""},"categories":[7,20,17],"tags":[],"class_list":["post-442","post","type-post","status-publish","format-standard","has-post-thumbnail","hentry","category-aktiv-werden","category-kiezschlagzeilen","category-termin"],"_links":{"self":[{"href":"https:\/\/kiezblog-weissensee.de\/index.php?rest_route=\/wp\/v2\/posts\/442","targetHints":{"allow":["GET"]}}],"collection":[{"href":"https:\/\/kiezblog-weissensee.de\/index.php?rest_route=\/wp\/v2\/posts"}],"about":[{"href":"https:\/\/kiezblog-weissensee.de\/index.php?rest_route=\/wp\/v2\/types\/post"}],"author":[{"embeddable":true,"href":"https:\/\/kiezblog-weissensee.de\/index.php?rest_route=\/wp\/v2\/users\/1"}],"replies":[{"embeddable":true,"href":"https:\/\/kiezblog-weissensee.de\/index.php?rest_route=%2Fwp%2Fv2%2Fcomments&post=442"}],"version-history":[{"count":0,"href":"https:\/\/kiezblog-weissensee.de\/index.php?rest_route=\/wp\/v2\/posts\/442\/revisions"}],"wp:featuredmedia":[{"embeddable":true,"href":"https:\/\/kiezblog-weissensee.de\/index.php?rest_route=\/wp\/v2\/media\/444"}],"wp:attachment":[{"href":"https:\/\/kiezblog-weissensee.de\/index.php?rest_route=%2Fwp%2Fv2%2Fmedia&parent=442"}],"wp:term":[{"taxonomy":"category","embeddable":true,"href":"https:\/\/kiezblog-weissensee.de\/index.php?rest_route=%2Fwp%2Fv2%2Fcategories&post=442"},{"taxonomy":"post_tag","embeddable":true,"href":"https:\/\/kiezblog-weissensee.de\/index.php?rest_route=%2Fwp%2Fv2%2Ftags&post=442"}],"curies":[{"name":"wp","href":"https:\/\/api.w.org\/{rel}","templated":true}]}}