{"id":449,"date":"2014-11-10T15:19:58","date_gmt":"2014-11-10T14:19:58","guid":{"rendered":"http:\/\/kiezblog-weissensee.de\/?p=449"},"modified":"2014-11-10T15:54:52","modified_gmt":"2014-11-10T14:54:52","slug":"infoveranstaltung-des-nazis-neue-sportklamotten","status":"publish","type":"post","link":"https:\/\/kiezblog-weissensee.de\/?p=449","title":{"rendered":"26.11.2014 Infoveranstaltung: Des Nazis neue Sportklamotten"},"content":{"rendered":"<p>Seit einiger Zeit dr\u00e4ngen neue rechte Bekleidungsmarken auf den Markt und machen dabei mittlerweile etablierten Marken wie &#8222;Thor Steinar&#8220; und &#8222;Eric and Sons&#8220; Konkurrenz. Die neuen\u00a0 Marken wie &#8222;Label 23&#8220;, &#8222;Greifvogel-Wear&#8220; und &#8222;Walhall Athletik&#8220; wollen vor allen Dingen Kampfsportler und Fu\u00dfballfans mit rechten Einstellungsmustern ansprechen. Dabei\u00a0 spielen die entsprechenden Bekleidungsmarken bewusst mit protofaschistischer Symbolik der germanischen und spartanischen Geschichtsepoche. \u00dcber M\u00e4nnlichkeits-\u00c4sthetik und Durchhalteformeln, die sich gerade im Kampfsport-Bereich hoher Beliebtheit erfreuen, gelingt den neuen Nazi-Modemarken eine Anschlussf\u00e4higkeit an den Mainstream.\u00a0 Seit der Er\u00f6ffnung des &#8222;Thor Steinar&#8220;-Ladens Ende 2011 kam es in Wei\u00dfensee immer wieder zum Verkauf solcher Modemarken. Diese konnten sich gerade durch ihre Unauff\u00e4lligkeit lange in lokalen Modegesch\u00e4ften halten. Aus diesem Anlass will das B\u00fcndnis &#8222;Wei\u00dfensee gegen rechts&#8220; \u00fcber den neuen Sport-Nazi-Schick und dessen Hintergr\u00fcnde informieren und dabei den Fragen nachgehen, warum gerade diese \u00c4sthetik so problematisch ist und was das Ganze auch mit dem Film &#8222;300&#8220; zu tun hat.<\/p>\n<p><strong>[<a href=\"http:\/\/kiezblog-weissensee.de\/wp-content\/uploads\/aktionswochen_2014_flyer_fzh.jpg\" target=\"_blank\">Flyer<\/a>]<\/strong><\/p>\n<p><strong>26.11.2014 | 20:00 Uhr | Frei-Zeit-Haus Wei\u00dfensee\u00a0 | Pistoriusstra\u00dfe 23<\/strong><\/p>\n","protected":false},"excerpt":{"rendered":"<p>Seit der Er\u00f6ffnung des &#8222;Thor Steinar&#8220;-Ladens Ende 2011 kam es in Wei\u00dfensee immer wieder zum Verkauf rechter Modemarken.  Aus diesem Anlass will das B\u00fcndnis &#8222;Wei\u00dfensee gegen rechts&#8220; \u00fcber den neuen Sport-Nazi-Schick und dessen Hintergr\u00fcnde informieren.<\/p>\n<p class=\"more\"><a class=\"more\" href=\"https:\/\/kiezblog-weissensee.de\/?p=449\">weiterlesen&#8230;<\/a><\/p>\n","protected":false},"author":1,"featured_media":450,"comment_status":"closed","ping_status":"closed","sticky":false,"template":"","format":"standard","meta":{"footnotes":""},"categories":[20,5,17],"tags":[],"class_list":["post-449","post","type-post","status-publish","format-standard","has-post-thumbnail","hentry","category-kiezschlagzeilen","category-politik","category-termin"],"_links":{"self":[{"href":"https:\/\/kiezblog-weissensee.de\/index.php?rest_route=\/wp\/v2\/posts\/449","targetHints":{"allow":["GET"]}}],"collection":[{"href":"https:\/\/kiezblog-weissensee.de\/index.php?rest_route=\/wp\/v2\/posts"}],"about":[{"href":"https:\/\/kiezblog-weissensee.de\/index.php?rest_route=\/wp\/v2\/types\/post"}],"author":[{"embeddable":true,"href":"https:\/\/kiezblog-weissensee.de\/index.php?rest_route=\/wp\/v2\/users\/1"}],"replies":[{"embeddable":true,"href":"https:\/\/kiezblog-weissensee.de\/index.php?rest_route=%2Fwp%2Fv2%2Fcomments&post=449"}],"version-history":[{"count":0,"href":"https:\/\/kiezblog-weissensee.de\/index.php?rest_route=\/wp\/v2\/posts\/449\/revisions"}],"wp:featuredmedia":[{"embeddable":true,"href":"https:\/\/kiezblog-weissensee.de\/index.php?rest_route=\/wp\/v2\/media\/450"}],"wp:attachment":[{"href":"https:\/\/kiezblog-weissensee.de\/index.php?rest_route=%2Fwp%2Fv2%2Fmedia&parent=449"}],"wp:term":[{"taxonomy":"category","embeddable":true,"href":"https:\/\/kiezblog-weissensee.de\/index.php?rest_route=%2Fwp%2Fv2%2Fcategories&post=449"},{"taxonomy":"post_tag","embeddable":true,"href":"https:\/\/kiezblog-weissensee.de\/index.php?rest_route=%2Fwp%2Fv2%2Ftags&post=449"}],"curies":[{"name":"wp","href":"https:\/\/api.w.org\/{rel}","templated":true}]}}